{"id":4439,"__str__":"Requerimento n\u00ba 114 de 2023 | Proposi\u00e7\u00e3o colocada em Pauta | 28/07/2023","link_detail_backend":"/materia/tramitacao/4439","metadata":{},"timestamp":"2023-07-28T10:32:53.842369-04:00","data_tramitacao":"2023-07-28","data_encaminhamento":null,"urgente":false,"turno":"","texto":"Requerimento colocado em pauta para a 12\u00aa Sess\u00e3o Ordin\u00e1ria que acontecer\u00e1 nesta segunda-feira dia 31 de julho de 2023 a partir das 08:30","data_fim_prazo":null,"ip":"201.71.5.211","ultima_edicao":"2023-07-28T10:32:41.392537-04:00","status":45,"materia":2640,"unidade_tramitacao_local":6,"unidade_tramitacao_destino":5,"user":2}